{"id":65,"date":"2025-03-27T00:05:51","date_gmt":"2025-03-27T00:05:51","guid":{"rendered":"http:\/\/localhost\/wordpress\/pressville-content\/?p=65"},"modified":"2025-03-27T00:05:51","modified_gmt":"2025-03-27T00:05:51","slug":"environmental-planning-and-sustainability","status":"publish","type":"post","link":"https:\/\/jf-vilar.pt\/index.php\/2025\/03\/27\/environmental-planning-and-sustainability\/","title":{"rendered":"Espa\u00e7o de Cidad\u00e3o"},"content":{"rendered":"\n<p>Chave M\u00f3vel Digital<\/p>\n\n\n\n<p>Altera\u00e7\u00e3o de Morada no Cart\u00e3o de Cidad\u00e3o<\/p>\n\n\n\n<p>Revalida\u00e7\u00e3o da Carta de Condu\u00e7\u00e3o<\/p>\n\n\n\n<p>Registo Criminal<\/p>\n\n\n\n<p><\/p>\n","protected":false},"excerpt":{"rendered":"<p>Environmental planning is the process of facilitating decision making to carry out land development with the consideration given to the natural environment, social, political, economic and governance factors and provides a holistic framework to achieve sustainable outcomes.<\/p>\n","protected":false},"author":1,"featured_media":1735,"comment_status":"closed","ping_status":"closed","sticky":false,"template":"","format":"standard","meta":{"_monsterinsights_skip_tracking":false,"_monsterinsights_sitenote_active":false,"_monsterinsights_sitenote_note":"","_monsterinsights_sitenote_category":0,"footnotes":""},"categories":[238,260,237],"tags":[262,261,264,263],"class_list":["post-65","post","type-post","status-publish","format-standard","has-post-thumbnail","hentry","category-atendimento","category-chave-movel","category-servicos","tag-alteracao-morada","tag-chave-movel-digital","tag-registo-criminal","tag-revalidacao-da-carta-de-consucao"],"aioseo_notices":[],"_links":{"self":[{"href":"https:\/\/jf-vilar.pt\/index.php\/wp-json\/wp\/v2\/posts\/65","targetHints":{"allow":["GET"]}}],"collection":[{"href":"https:\/\/jf-vilar.pt\/index.php\/wp-json\/wp\/v2\/posts"}],"about":[{"href":"https:\/\/jf-vilar.pt\/index.php\/wp-json\/wp\/v2\/types\/post"}],"author":[{"embeddable":true,"href":"https:\/\/jf-vilar.pt\/index.php\/wp-json\/wp\/v2\/users\/1"}],"replies":[{"embeddable":true,"href":"https:\/\/jf-vilar.pt\/index.php\/wp-json\/wp\/v2\/comments?post=65"}],"version-history":[{"count":2,"href":"https:\/\/jf-vilar.pt\/index.php\/wp-json\/wp\/v2\/posts\/65\/revisions"}],"predecessor-version":[{"id":1736,"href":"https:\/\/jf-vilar.pt\/index.php\/wp-json\/wp\/v2\/posts\/65\/revisions\/1736"}],"wp:featuredmedia":[{"embeddable":true,"href":"https:\/\/jf-vilar.pt\/index.php\/wp-json\/wp\/v2\/media\/1735"}],"wp:attachment":[{"href":"https:\/\/jf-vilar.pt\/index.php\/wp-json\/wp\/v2\/media?parent=65"}],"wp:term":[{"taxonomy":"category","embeddable":true,"href":"https:\/\/jf-vilar.pt\/index.php\/wp-json\/wp\/v2\/categories?post=65"},{"taxonomy":"post_tag","embeddable":true,"href":"https:\/\/jf-vilar.pt\/index.php\/wp-json\/wp\/v2\/tags?post=65"}],"curies":[{"name":"wp","href":"https:\/\/api.w.org\/{rel}","templated":true}]}}