{"id":60,"date":"2025-03-26T23:52:27","date_gmt":"2025-03-26T23:52:27","guid":{"rendered":"http:\/\/localhost\/wordpress\/pressville-content\/?p=60"},"modified":"2025-03-26T23:59:50","modified_gmt":"2025-03-26T23:59:50","slug":"affordable-housing-action-plan-implementation","status":"publish","type":"post","link":"https:\/\/jf-vilar.pt\/index.php\/2025\/03\/26\/affordable-housing-action-plan-implementation\/","title":{"rendered":"Atendimento ao p\u00fablico"},"content":{"rendered":"\n<ul class=\"wp-block-list\">\n<li><a href=\"https:\/\/jf-vilar.pt\/index.php\/atestados\/\" title=\"\">Atestados (Resid\u00eancia, Provas de Vida, Agregado Familiar)<\/a><\/li>\n\n\n\n<li><a href=\"https:\/\/jf-vilar.pt\/index.php\/cemiterios\/\" title=\"\">Requerimentos e Autoriza\u00e7\u00f5es Cemit\u00e9rios<\/a><\/li>\n<\/ul>\n\n\n\n<p><\/p>\n","protected":false},"excerpt":{"rendered":"<p>Affordable housing is housing deemed affordable to those with a median household income as rated by country, State (province), region or municipality by a recognized Housing Affordability Index.<\/p>\n","protected":false},"author":1,"featured_media":1728,"comment_status":"closed","ping_status":"closed","sticky":false,"template":"","format":"standard","meta":{"_monsterinsights_skip_tracking":false,"_monsterinsights_sitenote_active":false,"_monsterinsights_sitenote_note":"","_monsterinsights_sitenote_category":0,"footnotes":""},"categories":[238,240,239,241,237],"tags":[242,244,246,247,243,245],"class_list":["post-60","post","type-post","status-publish","format-standard","has-post-thumbnail","hentry","category-atendimento","category-atestados","category-publuco","category-requerimentos","category-servicos","tag-atendimento","tag-atestados","tag-autorizacoes","tag-cemiterios","tag-publico","tag-requerimentos"],"aioseo_notices":[],"_links":{"self":[{"href":"https:\/\/jf-vilar.pt\/index.php\/wp-json\/wp\/v2\/posts\/60","targetHints":{"allow":["GET"]}}],"collection":[{"href":"https:\/\/jf-vilar.pt\/index.php\/wp-json\/wp\/v2\/posts"}],"about":[{"href":"https:\/\/jf-vilar.pt\/index.php\/wp-json\/wp\/v2\/types\/post"}],"author":[{"embeddable":true,"href":"https:\/\/jf-vilar.pt\/index.php\/wp-json\/wp\/v2\/users\/1"}],"replies":[{"embeddable":true,"href":"https:\/\/jf-vilar.pt\/index.php\/wp-json\/wp\/v2\/comments?post=60"}],"version-history":[{"count":2,"href":"https:\/\/jf-vilar.pt\/index.php\/wp-json\/wp\/v2\/posts\/60\/revisions"}],"predecessor-version":[{"id":1729,"href":"https:\/\/jf-vilar.pt\/index.php\/wp-json\/wp\/v2\/posts\/60\/revisions\/1729"}],"wp:featuredmedia":[{"embeddable":true,"href":"https:\/\/jf-vilar.pt\/index.php\/wp-json\/wp\/v2\/media\/1728"}],"wp:attachment":[{"href":"https:\/\/jf-vilar.pt\/index.php\/wp-json\/wp\/v2\/media?parent=60"}],"wp:term":[{"taxonomy":"category","embeddable":true,"href":"https:\/\/jf-vilar.pt\/index.php\/wp-json\/wp\/v2\/categories?post=60"},{"taxonomy":"post_tag","embeddable":true,"href":"https:\/\/jf-vilar.pt\/index.php\/wp-json\/wp\/v2\/tags?post=60"}],"curies":[{"name":"wp","href":"https:\/\/api.w.org\/{rel}","templated":true}]}}