{"id":1737,"date":"2025-03-27T00:12:35","date_gmt":"2025-03-27T00:12:35","guid":{"rendered":"https:\/\/jf-vilar.pt\/?p=1737"},"modified":"2025-03-27T00:14:10","modified_gmt":"2025-03-27T00:14:10","slug":"bau-de-estorias","status":"publish","type":"post","link":"https:\/\/jf-vilar.pt\/index.php\/2025\/03\/27\/bau-de-estorias\/","title":{"rendered":"Ba\u00fa de Est\u00f3rias"},"content":{"rendered":"\n<p><strong>Requisi\u00e7\u00e3o\/empr\u00e9stimo de livros da Biblioteca Municipal do Cadaval<\/strong><\/p>\n\n\n\n<p><strong><em>Livros, desde 7 mar\u00e7o 2025, vieram da biblioteca, para quem quiser requisitar, na Junta de Freguesia de Vilar:<\/em><\/strong><\/p>\n\n\n\n<p>\ud835\udddf\ud835\uddf6\ud835\ude01\ud835\uddf2\ud835\uddff\ud835\uddee\ud835\ude01\ud835\ude02\ud835\uddff\ud835\uddee \ud835\uddd4\ud835\uddf1\ud835\ude02\ud835\uddf9\ud835\ude01\ud835\uddfc\ud835\ude00:<\/p>\n\n\n\n<p>O Gerente da Noite &#8211; John le Carr\u00e9<\/p>\n\n\n\n<p>As Verdes Colinas de \u00c1frica &#8211; Ernest Hemingway<\/p>\n\n\n\n<p>Contra o Brasil &#8211; Diogo Mainardi<\/p>\n\n\n\n<p>As Valqu\u00edrias &#8211; Paulo Coelho<\/p>\n\n\n\n<p>Uma Estranheza em Mim &#8211; Orhan Pamuk<\/p>\n\n\n\n<p>Filipa de Lencastre &#8211; Isabel Stilwell<\/p>\n\n\n\n<p>Felizes para Sempre &#8211; Kiera Cass<\/p>\n\n\n\n<p>A Cosm\u00e9tica do Inimigo &#8211; Am\u00e9lie Nothomb<\/p>\n\n\n\n<p>A Independ\u00eancia de uma Mulher &#8211; Colleen McCullough<\/p>\n\n\n\n<p>Onde Est\u00e1 o Cora\u00e7\u00e3o &#8211; Billie Letts<\/p>\n\n\n\n<p><\/p>\n\n\n\n<p>\ud835\udddf\ud835\uddf6\ud835\ude01\ud835\uddf2\ud835\uddff\ud835\uddee\ud835\ude01\ud835\ude02\ud835\uddff\ud835\uddee \ud835\udddc\ud835\uddfb\ud835\uddf3\ud835\uddee\ud835\uddfb\ud835\ude01\ud835\uddfc-\ud835\udddd\ud835\ude02\ud835\ude03\ud835\uddf2\ud835\uddfb\ud835\uddf6\ud835\uddf9:<\/p>\n\n\n\n<p>Montanhas de Verde na Serra de Sintra<\/p>\n\n\n\n<p>O Gato e o Escuro<\/p>\n\n\n\n<p>O Amor o que \u00e9?<\/p>\n\n\n\n<p>Sinais de Amor<\/p>\n\n\n\n<p>Alice no Pa\u00eds das Sapatilhas<\/p>\n\n\n\n<p>Um Trono para Dois Irm\u00e3os<\/p>\n\n\n\n<p>Sim\u00e3o o pequeno le\u00e3o \u2013 Parab\u00e9ns Sim\u00e3o!<\/p>\n\n\n\n<figure class=\"wp-block-gallery has-nested-images columns-default is-cropped wp-block-gallery-1 is-layout-flex wp-block-gallery-is-layout-flex\">\n<figure class=\"wp-block-image size-large\"><img fetchpriority=\"high\" decoding=\"async\" width=\"483\" height=\"1024\" data-id=\"1742\" src=\"https:\/\/jf-vilar.pt\/wp-content\/uploads\/2025\/03\/livro3-483x1024.jpg\" alt=\"\" class=\"wp-image-1742\" srcset=\"https:\/\/jf-vilar.pt\/wp-content\/uploads\/2025\/03\/livro3-483x1024.jpg 483w, https:\/\/jf-vilar.pt\/wp-content\/uploads\/2025\/03\/livro3-141x300.jpg 141w, https:\/\/jf-vilar.pt\/wp-content\/uploads\/2025\/03\/livro3-71x150.jpg 71w, https:\/\/jf-vilar.pt\/wp-content\/uploads\/2025\/03\/livro3-768x1629.jpg 768w, https:\/\/jf-vilar.pt\/wp-content\/uploads\/2025\/03\/livro3-724x1536.jpg 724w, https:\/\/jf-vilar.pt\/wp-content\/uploads\/2025\/03\/livro3.jpg 934w\" sizes=\"(max-width: 483px) 100vw, 483px\" \/><\/figure>\n\n\n\n<figure class=\"wp-block-image size-large\"><img decoding=\"async\" width=\"1024\" height=\"683\" data-id=\"1741\" src=\"https:\/\/jf-vilar.pt\/wp-content\/uploads\/2025\/03\/livro2-1024x683.jpg\" alt=\"\" class=\"wp-image-1741\" srcset=\"https:\/\/jf-vilar.pt\/wp-content\/uploads\/2025\/03\/livro2-1024x683.jpg 1024w, https:\/\/jf-vilar.pt\/wp-content\/uploads\/2025\/03\/livro2-300x200.jpg 300w, https:\/\/jf-vilar.pt\/wp-content\/uploads\/2025\/03\/livro2-150x100.jpg 150w, https:\/\/jf-vilar.pt\/wp-content\/uploads\/2025\/03\/livro2-768x512.jpg 768w, https:\/\/jf-vilar.pt\/wp-content\/uploads\/2025\/03\/livro2-1536x1024.jpg 1536w, https:\/\/jf-vilar.pt\/wp-content\/uploads\/2025\/03\/livro2.jpg 1990w\" sizes=\"(max-width: 1024px) 100vw, 1024px\" \/><\/figure>\n\n\n\n<figure class=\"wp-block-image size-large\"><img decoding=\"async\" width=\"1024\" height=\"519\" data-id=\"1739\" src=\"https:\/\/jf-vilar.pt\/wp-content\/uploads\/2025\/03\/livro1-1024x519.jpg\" alt=\"\" class=\"wp-image-1739\" srcset=\"https:\/\/jf-vilar.pt\/wp-content\/uploads\/2025\/03\/livro1-1024x519.jpg 1024w, https:\/\/jf-vilar.pt\/wp-content\/uploads\/2025\/03\/livro1-300x152.jpg 300w, https:\/\/jf-vilar.pt\/wp-content\/uploads\/2025\/03\/livro1-150x76.jpg 150w, https:\/\/jf-vilar.pt\/wp-content\/uploads\/2025\/03\/livro1-768x389.jpg 768w, https:\/\/jf-vilar.pt\/wp-content\/uploads\/2025\/03\/livro1-1536x778.jpg 1536w, https:\/\/jf-vilar.pt\/wp-content\/uploads\/2025\/03\/livro1.jpg 2000w\" sizes=\"(max-width: 1024px) 100vw, 1024px\" \/><\/figure>\n<\/figure>\n","protected":false},"excerpt":{"rendered":"<p>Requisi\u00e7\u00e3o\/empr\u00e9stimo de livros da Biblioteca Municipal do Cadaval Livros, desde 7 mar\u00e7o 2025, vieram da biblioteca, para quem quiser requisitar, na Junta de Freguesia de Vilar: \ud835\udddf\ud835\uddf6\ud835\ude01\ud835\uddf2\ud835\uddff\ud835\uddee\ud835\ude01\ud835\ude02\ud835\uddff\ud835\uddee \ud835\uddd4\ud835\uddf1\ud835\ude02\ud835\uddf9\ud835\ude01\ud835\uddfc\ud835\ude00: O Gerente da Noite &#8211; John le Carr\u00e9 As Verdes Colinas de \u00c1frica &#8211; Ernest Hemingway Contra o Brasil &#8211; Diogo Mainardi As Valqu\u00edrias &#8211; Paulo Coelho [&hellip;]<\/p>\n","protected":false},"author":1,"featured_media":1739,"comment_status":"closed","ping_status":"closed","sticky":false,"template":"","format":"standard","meta":{"_monsterinsights_skip_tracking":false,"_monsterinsights_sitenote_active":false,"_monsterinsights_sitenote_note":"","_monsterinsights_sitenote_category":0,"footnotes":""},"categories":[238,237],"tags":[265,268,267,266],"class_list":["post-1737","post","type-post","status-publish","format-standard","has-post-thumbnail","hentry","category-atendimento","category-servicos","tag-bau-de-estorias","tag-emprestimo","tag-literatura","tag-livros"],"aioseo_notices":[],"_links":{"self":[{"href":"https:\/\/jf-vilar.pt\/index.php\/wp-json\/wp\/v2\/posts\/1737","targetHints":{"allow":["GET"]}}],"collection":[{"href":"https:\/\/jf-vilar.pt\/index.php\/wp-json\/wp\/v2\/posts"}],"about":[{"href":"https:\/\/jf-vilar.pt\/index.php\/wp-json\/wp\/v2\/types\/post"}],"author":[{"embeddable":true,"href":"https:\/\/jf-vilar.pt\/index.php\/wp-json\/wp\/v2\/users\/1"}],"replies":[{"embeddable":true,"href":"https:\/\/jf-vilar.pt\/index.php\/wp-json\/wp\/v2\/comments?post=1737"}],"version-history":[{"count":3,"href":"https:\/\/jf-vilar.pt\/index.php\/wp-json\/wp\/v2\/posts\/1737\/revisions"}],"predecessor-version":[{"id":1744,"href":"https:\/\/jf-vilar.pt\/index.php\/wp-json\/wp\/v2\/posts\/1737\/revisions\/1744"}],"wp:featuredmedia":[{"embeddable":true,"href":"https:\/\/jf-vilar.pt\/index.php\/wp-json\/wp\/v2\/media\/1739"}],"wp:attachment":[{"href":"https:\/\/jf-vilar.pt\/index.php\/wp-json\/wp\/v2\/media?parent=1737"}],"wp:term":[{"taxonomy":"category","embeddable":true,"href":"https:\/\/jf-vilar.pt\/index.php\/wp-json\/wp\/v2\/categories?post=1737"},{"taxonomy":"post_tag","embeddable":true,"href":"https:\/\/jf-vilar.pt\/index.php\/wp-json\/wp\/v2\/tags?post=1737"}],"curies":[{"name":"wp","href":"https:\/\/api.w.org\/{rel}","templated":true}]}}